{"id":145,"date":"2022-12-13T16:59:11","date_gmt":"2022-12-13T16:59:11","guid":{"rendered":"https:\/\/www.metalblinds.es\/noticias\/?p=145"},"modified":"2022-12-13T16:59:12","modified_gmt":"2022-12-13T16:59:12","slug":"apaexpo-by-rt-se-celerbara-en-barcelona-del-02-al-04-de-febrero","status":"publish","type":"post","link":"https:\/\/www.metalblinds.es\/noticias\/apaexpo-by-rt-se-celerbara-en-barcelona-del-02-al-04-de-febrero\/","title":{"rendered":"APAEXPO BY R+T se celerbar\u00e1 en Barcelona del 02 al 04 de febrero"},"content":{"rendered":"<div class=\"wp-block-image\">\n<figure class=\"aligncenter size-full is-resized\"><img loading=\"lazy\" decoding=\"async\" src=\"https:\/\/www.metalblinds.es\/noticias\/imagenes\/APAEXPO-BY-RT-se-celerbara-en-Barcelona-del-02-al-04-de-febrero-de-2022.jpg\" alt=\"\" class=\"wp-image-146\" width=\"1497\" height=\"884\" srcset=\"https:\/\/www.metalblinds.es\/noticias\/imagenes\/APAEXPO-BY-RT-se-celerbara-en-Barcelona-del-02-al-04-de-febrero-de-2022.jpg 1100w, https:\/\/www.metalblinds.es\/noticias\/imagenes\/APAEXPO-BY-RT-se-celerbara-en-Barcelona-del-02-al-04-de-febrero-de-2022-300x177.jpg 300w, https:\/\/www.metalblinds.es\/noticias\/imagenes\/APAEXPO-BY-RT-se-celerbara-en-Barcelona-del-02-al-04-de-febrero-de-2022-1024x605.jpg 1024w, https:\/\/www.metalblinds.es\/noticias\/imagenes\/APAEXPO-BY-RT-se-celerbara-en-Barcelona-del-02-al-04-de-febrero-de-2022-768x454.jpg 768w\" sizes=\"auto, (max-width: 1497px) 100vw, 1497px\" \/><\/figure>\n<\/div>\n\n\n<p>Messe Sttutgart y la asociaci\u00f3n espa\u00f1ola de fabricantes de puertas \/ portones autom\u00e1ticos (APA), celebrar\u00e1n por primera vez \u201c<strong>APAExpo by R + T<\/strong>\u201d en <strong>Barcelona del 02 al 04 de febrero de 2022<\/strong>.<\/p>\n\n\n\n<p>Anteriormente, esta feria internacional de puertas \/ portones autom\u00e1ticos tuvo lugar bajo el nombre de FIPA en Valencia con m\u00e1s de 100 expositores y 3500 visitantes especializados. En 2017 y 2019, FIPA ya se organiz\u00f3 con el apoyo de la APA y ahora en cooperaci\u00f3n con el equipo de R + T, la feria l\u00edder mundial para persianas, puertas \/ portones y sistemas de protecci\u00f3n solar, la feria se convertir\u00e1 en un evento trianual y se trasladar\u00e1 a Barcelona.<\/p>\n\n\n<div class=\"wp-block-image\">\n<figure class=\"aligncenter size-full is-resized\"><img loading=\"lazy\" decoding=\"async\" src=\"https:\/\/www.metalblinds.es\/noticias\/imagenes\/Fig-01_RT_2018_in_Stuttgart.jpg\" alt=\"\" class=\"wp-image-147\" width=\"1249\" height=\"937\" srcset=\"https:\/\/www.metalblinds.es\/noticias\/imagenes\/Fig-01_RT_2018_in_Stuttgart.jpg 1600w, https:\/\/www.metalblinds.es\/noticias\/imagenes\/Fig-01_RT_2018_in_Stuttgart-300x225.jpg 300w, https:\/\/www.metalblinds.es\/noticias\/imagenes\/Fig-01_RT_2018_in_Stuttgart-1024x768.jpg 1024w, https:\/\/www.metalblinds.es\/noticias\/imagenes\/Fig-01_RT_2018_in_Stuttgart-768x576.jpg 768w, https:\/\/www.metalblinds.es\/noticias\/imagenes\/Fig-01_RT_2018_in_Stuttgart-1536x1152.jpg 1536w\" sizes=\"auto, (max-width: 1249px) 100vw, 1249px\" \/><\/figure>\n<\/div>\n\n\n<p><em>\u00abSiempre estamos interesados \u200b\u200ben expandir nuestra red internacional, especialmente en Europa. Solo as\u00ed podemos abrir puertas a nuevos mercados\u00bb<\/em>, explica Sebasti\u00e1n Schmid, director del departamento en Messe Stuttgart. <em>\u00abPor lo tanto, nos complace a\u00fan m\u00e1s intensificar nuestra cooperaci\u00f3n con la asociaci\u00f3n espa\u00f1ola de puertas \/ portones APA, ya que hemos estado cooperando estrechamente y con confianza durante muchos a\u00f1os\u00bb<\/em>. Ha habido una asociaci\u00f3n de medios y soporte entre R + T y APA desde 2016. Adem\u00e1s, el a\u00f1o pasado APA organiz\u00f3 el congreso internacional ICAD durante R + T 2018.<\/p>\n\n\n\n<p>Tambi\u00e9n Ricardo Ricart, Secretario General de APA, espera con inter\u00e9s el proyecto conjunto: <em>\u00abCon esta cooperaci\u00f3n, queremos beneficiarnos espec\u00edficamente de nuestras sinergias y fortalecer a\u00fan m\u00e1s el estado del evento como un comercio internacional de puertas y portones autom\u00e1ticos. Con su experiencia y profesionalismo, R + T es a este respecto el socio ideal para nosotros \u00ab<\/em>.<\/p>\n\n\n\n<p>Schmid agrega: <em>\u00abCon &#8216;APAExpo by R + T&#8217;, la familia R + T est\u00e1 recibiendo un mayor refuerzo en el \u00e1rea de puertas y portones, y as\u00ed puede ampliar su competencia en este campo\u201d.<\/em><\/p>\n\n\n<div class=\"wp-block-image\">\n<figure class=\"aligncenter size-full is-resized\"><img loading=\"lazy\" decoding=\"async\" src=\"https:\/\/www.metalblinds.es\/noticias\/imagenes\/Fira-Gran-Via-760x428-1.jpg\" alt=\"\" class=\"wp-image-148\" width=\"1246\" height=\"702\" srcset=\"https:\/\/www.metalblinds.es\/noticias\/imagenes\/Fira-Gran-Via-760x428-1.jpg 760w, https:\/\/www.metalblinds.es\/noticias\/imagenes\/Fira-Gran-Via-760x428-1-300x169.jpg 300w\" sizes=\"auto, (max-width: 1246px) 100vw, 1246px\" \/><\/figure>\n<\/div>\n\n\n<p>Adem\u00e1s, gracias a la cooperaci\u00f3n con APA, junto con Espa\u00f1a, se est\u00e1n abriendo mercados adicionales como el norte de \u00c1frica y Am\u00e9rica Latina para I + T.<\/p>\n\n\n\n<p>Pero, antes que nada, esperamos <strong>&#8216;APAExpo by R + T&#8217;<\/strong>, que proporcionar\u00e1 otro evento destacado para el sector cada a\u00f1o despu\u00e9s de R + T \u00ab.<\/p>\n","protected":false},"excerpt":{"rendered":"<p>Messe Sttutgart y APA celebrar\u00e1n por primera vez \u201cAPAExpo by R+T\u201d en Barcelona.<\/p>\n","protected":false},"author":1,"featured_media":146,"comment_status":"closed","ping_status":"closed","sticky":false,"template":"","format":"standard","meta":{"footnotes":""},"categories":[1],"tags":[],"class_list":["post-145","post","type-post","status-publish","format-standard","has-post-thumbnail","hentry","category-sin-categoria"],"yoast_head":"<!-- This site is optimized with the Yoast SEO plugin v19.12 - https:\/\/yoast.com\/wordpress\/plugins\/seo\/ -->\n<title>APAEXPO BY R+T se celerbar\u00e1 en Barcelona del 02 al 04 de febrero - Noticias Metalblinds<\/title>\n<meta name=\"description\" content=\"Toda la informaci\u00f3n sobre APAExpo by R+T del 2022 \u27a4 Fechas, \u00faltimas noticias, participantes. \u00a1Clic aqu\u00ed para informarte!\" \/>\n<meta name=\"robots\" content=\"index, follow, max-snippet:-1, max-image-preview:large, max-video-preview:-1\" \/>\n<link rel=\"canonical\" href=\"https:\/\/www.metalblinds.es\/noticias\/apaexpo-by-rt-se-celerbara-en-barcelona-del-02-al-04-de-febrero\/\" \/>\n<meta property=\"og:locale\" content=\"es_ES\" \/>\n<meta property=\"og:type\" content=\"article\" \/>\n<meta property=\"og:title\" content=\"APAEXPO BY R+T se celerbar\u00e1 en Barcelona del 02 al 04 de febrero - Noticias Metalblinds\" \/>\n<meta property=\"og:description\" content=\"Toda la informaci\u00f3n sobre APAExpo by R+T del 2022 \u27a4 Fechas, \u00faltimas noticias, participantes. \u00a1Clic aqu\u00ed para informarte!\" \/>\n<meta property=\"og:url\" content=\"https:\/\/www.metalblinds.es\/noticias\/apaexpo-by-rt-se-celerbara-en-barcelona-del-02-al-04-de-febrero\/\" \/>\n<meta property=\"og:site_name\" content=\"Noticias Metalblinds\" \/>\n<meta property=\"article:published_time\" content=\"2022-12-13T16:59:11+00:00\" \/>\n<meta property=\"article:modified_time\" content=\"2022-12-13T16:59:12+00:00\" \/>\n<meta property=\"og:image\" content=\"https:\/\/www.metalblinds.es\/noticias\/imagenes\/APAEXPO-BY-RT-se-celerbara-en-Barcelona-del-02-al-04-de-febrero-de-2022.jpg\" \/>\n\t<meta property=\"og:image:width\" content=\"1100\" \/>\n\t<meta property=\"og:image:height\" content=\"650\" \/>\n\t<meta property=\"og:image:type\" content=\"image\/jpeg\" \/>\n<meta name=\"author\" content=\"noticias\" \/>\n<meta name=\"twitter:card\" content=\"summary_large_image\" \/>\n<meta name=\"twitter:label1\" content=\"Escrito por\" \/>\n\t<meta name=\"twitter:data1\" content=\"noticias\" \/>\n\t<meta name=\"twitter:label2\" content=\"Tiempo de lectura\" \/>\n\t<meta name=\"twitter:data2\" content=\"3 minutos\" \/>\n<script type=\"application\/ld+json\" class=\"yoast-schema-graph\">{\"@context\":\"https:\/\/schema.org\",\"@graph\":[{\"@type\":\"WebPage\",\"@id\":\"https:\/\/www.metalblinds.es\/noticias\/apaexpo-by-rt-se-celerbara-en-barcelona-del-02-al-04-de-febrero\/\",\"url\":\"https:\/\/www.metalblinds.es\/noticias\/apaexpo-by-rt-se-celerbara-en-barcelona-del-02-al-04-de-febrero\/\",\"name\":\"APAEXPO BY R+T se celerbar\u00e1 en Barcelona del 02 al 04 de febrero - Noticias Metalblinds\",\"isPartOf\":{\"@id\":\"https:\/\/www.metalblinds.es\/noticias\/#website\"},\"datePublished\":\"2022-12-13T16:59:11+00:00\",\"dateModified\":\"2022-12-13T16:59:12+00:00\",\"author\":{\"@id\":\"https:\/\/www.metalblinds.es\/noticias\/#\/schema\/person\/0c04bd3bae8cd539a674fde80a6e51d9\"},\"description\":\"Toda la informaci\u00f3n sobre APAExpo by R+T del 2022 \u27a4 Fechas, \u00faltimas noticias, participantes. \u00a1Clic aqu\u00ed para informarte!\",\"breadcrumb\":{\"@id\":\"https:\/\/www.metalblinds.es\/noticias\/apaexpo-by-rt-se-celerbara-en-barcelona-del-02-al-04-de-febrero\/#breadcrumb\"},\"inLanguage\":\"es\",\"potentialAction\":[{\"@type\":\"ReadAction\",\"target\":[\"https:\/\/www.metalblinds.es\/noticias\/apaexpo-by-rt-se-celerbara-en-barcelona-del-02-al-04-de-febrero\/\"]}]},{\"@type\":\"BreadcrumbList\",\"@id\":\"https:\/\/www.metalblinds.es\/noticias\/apaexpo-by-rt-se-celerbara-en-barcelona-del-02-al-04-de-febrero\/#breadcrumb\",\"itemListElement\":[{\"@type\":\"ListItem\",\"position\":1,\"name\":\"Portada\",\"item\":\"https:\/\/www.metalblinds.es\/noticias\/\"},{\"@type\":\"ListItem\",\"position\":2,\"name\":\"APAEXPO BY R+T se celerbar\u00e1 en Barcelona del 02 al 04 de febrero\"}]},{\"@type\":\"WebSite\",\"@id\":\"https:\/\/www.metalblinds.es\/noticias\/#website\",\"url\":\"https:\/\/www.metalblinds.es\/noticias\/\",\"name\":\"Noticias Metalblinds\",\"description\":\"\",\"potentialAction\":[{\"@type\":\"SearchAction\",\"target\":{\"@type\":\"EntryPoint\",\"urlTemplate\":\"https:\/\/www.metalblinds.es\/noticias\/?s={search_term_string}\"},\"query-input\":\"required name=search_term_string\"}],\"inLanguage\":\"es\"},{\"@type\":\"Person\",\"@id\":\"https:\/\/www.metalblinds.es\/noticias\/#\/schema\/person\/0c04bd3bae8cd539a674fde80a6e51d9\",\"name\":\"noticias\",\"image\":{\"@type\":\"ImageObject\",\"inLanguage\":\"es\",\"@id\":\"https:\/\/www.metalblinds.es\/noticias\/#\/schema\/person\/image\/\",\"url\":\"https:\/\/secure.gravatar.com\/avatar\/a7b29a7a703299e75e95ecda776056b89be3ede1f452a0d80866ecffa1b53da8?s=96&d=mm&r=g\",\"contentUrl\":\"https:\/\/secure.gravatar.com\/avatar\/a7b29a7a703299e75e95ecda776056b89be3ede1f452a0d80866ecffa1b53da8?s=96&d=mm&r=g\",\"caption\":\"noticias\"},\"sameAs\":[\"http:\/\/metalblinds.es\/noticias\"],\"url\":\"https:\/\/www.metalblinds.es\/noticias\/author\/noticias\/\"}]}<\/script>\n<!-- \/ Yoast SEO plugin. -->","yoast_head_json":{"title":"APAEXPO BY R+T se celerbar\u00e1 en Barcelona del 02 al 04 de febrero - Noticias Metalblinds","description":"Toda la informaci\u00f3n sobre APAExpo by R+T del 2022 \u27a4 Fechas, \u00faltimas noticias, participantes. \u00a1Clic aqu\u00ed para informarte!","robots":{"index":"index","follow":"follow","max-snippet":"max-snippet:-1","max-image-preview":"max-image-preview:large","max-video-preview":"max-video-preview:-1"},"canonical":"https:\/\/www.metalblinds.es\/noticias\/apaexpo-by-rt-se-celerbara-en-barcelona-del-02-al-04-de-febrero\/","og_locale":"es_ES","og_type":"article","og_title":"APAEXPO BY R+T se celerbar\u00e1 en Barcelona del 02 al 04 de febrero - Noticias Metalblinds","og_description":"Toda la informaci\u00f3n sobre APAExpo by R+T del 2022 \u27a4 Fechas, \u00faltimas noticias, participantes. \u00a1Clic aqu\u00ed para informarte!","og_url":"https:\/\/www.metalblinds.es\/noticias\/apaexpo-by-rt-se-celerbara-en-barcelona-del-02-al-04-de-febrero\/","og_site_name":"Noticias Metalblinds","article_published_time":"2022-12-13T16:59:11+00:00","article_modified_time":"2022-12-13T16:59:12+00:00","og_image":[{"width":1100,"height":650,"url":"https:\/\/www.metalblinds.es\/noticias\/imagenes\/APAEXPO-BY-RT-se-celerbara-en-Barcelona-del-02-al-04-de-febrero-de-2022.jpg","type":"image\/jpeg"}],"author":"noticias","twitter_card":"summary_large_image","twitter_misc":{"Escrito por":"noticias","Tiempo de lectura":"3 minutos"},"schema":{"@context":"https:\/\/schema.org","@graph":[{"@type":"WebPage","@id":"https:\/\/www.metalblinds.es\/noticias\/apaexpo-by-rt-se-celerbara-en-barcelona-del-02-al-04-de-febrero\/","url":"https:\/\/www.metalblinds.es\/noticias\/apaexpo-by-rt-se-celerbara-en-barcelona-del-02-al-04-de-febrero\/","name":"APAEXPO BY R+T se celerbar\u00e1 en Barcelona del 02 al 04 de febrero - Noticias Metalblinds","isPartOf":{"@id":"https:\/\/www.metalblinds.es\/noticias\/#website"},"datePublished":"2022-12-13T16:59:11+00:00","dateModified":"2022-12-13T16:59:12+00:00","author":{"@id":"https:\/\/www.metalblinds.es\/noticias\/#\/schema\/person\/0c04bd3bae8cd539a674fde80a6e51d9"},"description":"Toda la informaci\u00f3n sobre APAExpo by R+T del 2022 \u27a4 Fechas, \u00faltimas noticias, participantes. \u00a1Clic aqu\u00ed para informarte!","breadcrumb":{"@id":"https:\/\/www.metalblinds.es\/noticias\/apaexpo-by-rt-se-celerbara-en-barcelona-del-02-al-04-de-febrero\/#breadcrumb"},"inLanguage":"es","potentialAction":[{"@type":"ReadAction","target":["https:\/\/www.metalblinds.es\/noticias\/apaexpo-by-rt-se-celerbara-en-barcelona-del-02-al-04-de-febrero\/"]}]},{"@type":"BreadcrumbList","@id":"https:\/\/www.metalblinds.es\/noticias\/apaexpo-by-rt-se-celerbara-en-barcelona-del-02-al-04-de-febrero\/#breadcrumb","itemListElement":[{"@type":"ListItem","position":1,"name":"Portada","item":"https:\/\/www.metalblinds.es\/noticias\/"},{"@type":"ListItem","position":2,"name":"APAEXPO BY R+T se celerbar\u00e1 en Barcelona del 02 al 04 de febrero"}]},{"@type":"WebSite","@id":"https:\/\/www.metalblinds.es\/noticias\/#website","url":"https:\/\/www.metalblinds.es\/noticias\/","name":"Noticias Metalblinds","description":"","potentialAction":[{"@type":"SearchAction","target":{"@type":"EntryPoint","urlTemplate":"https:\/\/www.metalblinds.es\/noticias\/?s={search_term_string}"},"query-input":"required name=search_term_string"}],"inLanguage":"es"},{"@type":"Person","@id":"https:\/\/www.metalblinds.es\/noticias\/#\/schema\/person\/0c04bd3bae8cd539a674fde80a6e51d9","name":"noticias","image":{"@type":"ImageObject","inLanguage":"es","@id":"https:\/\/www.metalblinds.es\/noticias\/#\/schema\/person\/image\/","url":"https:\/\/secure.gravatar.com\/avatar\/a7b29a7a703299e75e95ecda776056b89be3ede1f452a0d80866ecffa1b53da8?s=96&d=mm&r=g","contentUrl":"https:\/\/secure.gravatar.com\/avatar\/a7b29a7a703299e75e95ecda776056b89be3ede1f452a0d80866ecffa1b53da8?s=96&d=mm&r=g","caption":"noticias"},"sameAs":["http:\/\/metalblinds.es\/noticias"],"url":"https:\/\/www.metalblinds.es\/noticias\/author\/noticias\/"}]}},"_links":{"self":[{"href":"https:\/\/www.metalblinds.es\/noticias\/wp-json\/wp\/v2\/posts\/145","targetHints":{"allow":["GET"]}}],"collection":[{"href":"https:\/\/www.metalblinds.es\/noticias\/wp-json\/wp\/v2\/posts"}],"about":[{"href":"https:\/\/www.metalblinds.es\/noticias\/wp-json\/wp\/v2\/types\/post"}],"author":[{"embeddable":true,"href":"https:\/\/www.metalblinds.es\/noticias\/wp-json\/wp\/v2\/users\/1"}],"replies":[{"embeddable":true,"href":"https:\/\/www.metalblinds.es\/noticias\/wp-json\/wp\/v2\/comments?post=145"}],"version-history":[{"count":1,"href":"https:\/\/www.metalblinds.es\/noticias\/wp-json\/wp\/v2\/posts\/145\/revisions"}],"predecessor-version":[{"id":149,"href":"https:\/\/www.metalblinds.es\/noticias\/wp-json\/wp\/v2\/posts\/145\/revisions\/149"}],"wp:featuredmedia":[{"embeddable":true,"href":"https:\/\/www.metalblinds.es\/noticias\/wp-json\/wp\/v2\/media\/146"}],"wp:attachment":[{"href":"https:\/\/www.metalblinds.es\/noticias\/wp-json\/wp\/v2\/media?parent=145"}],"wp:term":[{"taxonomy":"category","embeddable":true,"href":"https:\/\/www.metalblinds.es\/noticias\/wp-json\/wp\/v2\/categories?post=145"},{"taxonomy":"post_tag","embeddable":true,"href":"https:\/\/www.metalblinds.es\/noticias\/wp-json\/wp\/v2\/tags?post=145"}],"curies":[{"name":"wp","href":"https:\/\/api.w.org\/{rel}","templated":true}]}}